{"id":14628,"date":"2020-06-04T14:12:00","date_gmt":"2020-06-04T12:12:00","guid":{"rendered":"https:\/\/www.sped-v.de\/?p=14628"},"modified":"2023-05-13T14:13:04","modified_gmt":"2023-05-13T12:13:04","slug":"changelog-20-6","status":"publish","type":"post","link":"https:\/\/www.sped-v.de\/en\/2020\/06\/04\/changelog-20-6\/","title":{"rendered":"Changelog 20.6"},"content":{"rendered":"\n<ul class=\"wp-block-list\">\n<li>Abh\u00e4ngigkeiten-Updates:\n<ul class=\"wp-block-list\">\n<li>\u2191 NLog (4.7.2)<\/li>\n\n\n\n<li>\u2191 Google.Protobuf (3.12.1)<\/li>\n\n\n\n<li>\u2191 SpedV-API (2020.05.06.2)<\/li>\n<\/ul>\n<\/li>\n\n\n\n<li>Neue Funktionen:\n<ul class=\"wp-block-list\">\n<li>Partnerschaftssystem f\u00fcr Speditionen hinzugef\u00fcgt<\/li>\n\n\n\n<li>Kontor: Nutzer k\u00f6nnen sich nun \u00fcber das Userprofil f\u00fcr den Kontormodus ausblenden lassen<\/li>\n\n\n\n<li>Kontor: Probleme mit Startfirma k\u00f6nnen per Button gemeldet werden<\/li>\n\n\n\n<li>Kontor: Fahrten k\u00f6nnen nun auch im Overlay angezeigt werden<\/li>\n\n\n\n<li>Information \u00fcber hochgeladene Update hinzugef\u00fcgt<\/li>\n\n\n\n<li>Floating Watermarks bei den meisten Textfeldern hinzugef\u00fcgt<\/li>\n<\/ul>\n<\/li>\n\n\n\n<li>\u00c4nderungen:\n<ul class=\"wp-block-list\">\n<li>Erneuter Bugfix f\u00fcr SpedV Notificator<\/li>\n\n\n\n<li>Ticketsystem: Workflow f\u00fcr Nutzer \u00fcberarbeitet<\/li>\n\n\n\n<li>Ticketsystem: Systemdaten-Upload verbessert<\/li>\n\n\n\n<li>Bugfixes f\u00fcr Twitch<\/li>\n\n\n\n<li>Chatsystem: Performance verbessert<\/li>\n\n\n\n<li>Allgemeine Bugfixes<\/li>\n<\/ul>\n<\/li>\n<\/ul>\n\n\n\n<p>Version 20.6.1:<\/p>\n\n\n\n<ul class=\"wp-block-list\">\n<li>Neue Funktionen:\n<ul class=\"wp-block-list\">\n<li>Kontor-Trailern kann nun ein Kommentar zugewiesen werden<\/li>\n<\/ul>\n<\/li>\n\n\n\n<li>\u00c4nderungen:\n<ul class=\"wp-block-list\">\n<li>Kontor: Bei zu langen Ortsnamen passen sich nun alle Trailer an<\/li>\n\n\n\n<li>STS: Bei zu langen Zug\/Gleis-namen passen sich nun alle Z\u00fcge an<\/li>\n\n\n\n<li>MsgBox: Auch oben ge\u00f6ffnete Boxen k\u00f6nnen nun geschlossen werden<\/li>\n\n\n\n<li>Kontor: Anzeige der Fahrten sollte nun immer richtig rum sein<\/li>\n\n\n\n<li>Konvoiliste: Es sollten nun alle im MP m\u00f6glichen St\u00e4dte angezeigt werden<\/li>\n\n\n\n<li>Spotify: API-Nutzung verbessert<\/li>\n\n\n\n<li>Allgemeine Bugfixes<\/li>\n<\/ul>\n<\/li>\n<\/ul>\n","protected":false},"excerpt":{"rendered":"<p>Version 20.6.1:<\/p>\n","protected":false},"author":1484,"featured_media":14561,"comment_status":"closed","ping_status":"open","sticky":false,"template":"","format":"standard","meta":{"footnotes":""},"categories":[104],"tags":[],"class_list":["post-14628","post","type-post","status-publish","format-standard","has-post-thumbnail","hentry","category-changelogs"],"translation":{"provider":"WPGlobus","version":"3.0.2","language":"en","enabled_languages":["de","en"],"languages":{"de":{"title":true,"content":true,"excerpt":false},"en":{"title":false,"content":false,"excerpt":false}}},"_links":{"self":[{"href":"https:\/\/www.sped-v.de\/en\/wp-json\/wp\/v2\/posts\/14628","targetHints":{"allow":["GET"]}}],"collection":[{"href":"https:\/\/www.sped-v.de\/en\/wp-json\/wp\/v2\/posts"}],"about":[{"href":"https:\/\/www.sped-v.de\/en\/wp-json\/wp\/v2\/types\/post"}],"author":[{"embeddable":true,"href":"https:\/\/www.sped-v.de\/en\/wp-json\/wp\/v2\/users\/1484"}],"replies":[{"embeddable":true,"href":"https:\/\/www.sped-v.de\/en\/wp-json\/wp\/v2\/comments?post=14628"}],"version-history":[{"count":1,"href":"https:\/\/www.sped-v.de\/en\/wp-json\/wp\/v2\/posts\/14628\/revisions"}],"predecessor-version":[{"id":14629,"href":"https:\/\/www.sped-v.de\/en\/wp-json\/wp\/v2\/posts\/14628\/revisions\/14629"}],"wp:featuredmedia":[{"embeddable":true,"href":"https:\/\/www.sped-v.de\/en\/wp-json\/wp\/v2\/media\/14561"}],"wp:attachment":[{"href":"https:\/\/www.sped-v.de\/en\/wp-json\/wp\/v2\/media?parent=14628"}],"wp:term":[{"taxonomy":"category","embeddable":true,"href":"https:\/\/www.sped-v.de\/en\/wp-json\/wp\/v2\/categories?post=14628"},{"taxonomy":"post_tag","embeddable":true,"href":"https:\/\/www.sped-v.de\/en\/wp-json\/wp\/v2\/tags?post=14628"}],"curies":[{"name":"wp","href":"https:\/\/api.w.org\/{rel}","templated":true}]}}